{"id":1288,"date":"2014-09-28T11:20:07","date_gmt":"2014-09-28T09:20:07","guid":{"rendered":"http:\/\/www.auerhahnschuetzen-reinhartshausen.de\/wordpress\/?p=1288"},"modified":"2015-11-18T13:00:18","modified_gmt":"2015-11-18T12:00:18","slug":"bergtour-auf-den-duerrenberg","status":"publish","type":"post","link":"https:\/\/www.auerhahnschuetzen-reinhartshausen.de\/wordpress\/bergtour-auf-den-duerrenberg\/","title":{"rendered":"Bergtour auf den D\u00fcrrenberg"},"content":{"rendered":"<p>Am 21.09.2014 fand unsere diesj\u00e4hrige Sch\u00fctzen-Bergtour statt. Trotz der schlechten Wettervorhersage machte sich eine optimistische Gruppe von 8 Personen mit unserem Bergf\u00fchrer Franz Kobold auf den Weg nach Reutte.<\/p>\n<p>Vom Parkplatz oberhalb des Urisees (920m) ging es \u00fcber einen Forstweg und einen Steig hinauf. Das Wetter versprach nichts Gutes. Vereinzelt regnete es und Nebelschwaden zogen die umliegenden Bergh\u00e4nge herab. Nach knapp 2 Stunden erreichten wir die D\u00fcrrenberg Alpe (1438m).<\/p>\n<p>Der weitere Weg \u00fcber einem Steig zum Gipfel des D\u00fcrrenbergs (1800m) dauerte nochmals eine gute Stunde. Oben wurden wir im Schatten des S\u00e4uling mit einem sch\u00f6nen Ausblick auf die umliegenden Gipfel der Tannheimer Berge und den Talkessel von Reutte belohnt. Das Wetter meinte es gut mit uns und w\u00e4hrend dem Abstieg zur\u00fcck zur D\u00fcrrenberg Alpe zeigte sich vereinzelt sogar die Sonne.<\/p>\n<p>Dort st\u00e4rkten wir uns bei einer Brotzeit und konnten anschlie\u00dfend den R\u00fcckweg zum Parkplatz sogar bei Sonnenschein und blauem Himmel genie\u00dfen. Den erfolgreichen Bergtag beendeten wir bei Kaffe und Kuchen in Halblech.<\/p>\n","protected":false},"excerpt":{"rendered":"<p>Am 21.09.2014 fand unsere diesj\u00e4hrige Sch\u00fctzen-Bergtour statt. Trotz der schlechten Wettervorhersage machte sich eine optimistische Gruppe von 8 Personen mit unserem Bergf\u00fchrer Franz Kobold auf den Weg nach Reutte. Vom Parkplatz oberhalb des Urisees (920m) ging es \u00fcber einen Forstweg und einen Steig hinauf. Das Wetter versprach nichts Gutes. Vereinzelt&nbsp; <a href=\"https:\/\/www.auerhahnschuetzen-reinhartshausen.de\/wordpress\/bergtour-auf-den-duerrenberg\/\" title=\"Read more Bergtour auf den D\u00fcrrenberg\">Read more &raquo;<\/a><\/p>\n","protected":false},"author":1,"featured_media":0,"comment_status":"open","ping_status":"open","sticky":false,"template":"","format":"standard","meta":{"footnotes":""},"categories":[43,12],"tags":[46],"class_list":["post-1288","post","type-post","status-publish","format-standard","hentry","category-ausfluge","category-c8-veranstaltungen","tag-46"],"_links":{"self":[{"href":"https:\/\/www.auerhahnschuetzen-reinhartshausen.de\/wordpress\/wp-json\/wp\/v2\/posts\/1288","targetHints":{"allow":["GET"]}}],"collection":[{"href":"https:\/\/www.auerhahnschuetzen-reinhartshausen.de\/wordpress\/wp-json\/wp\/v2\/posts"}],"about":[{"href":"https:\/\/www.auerhahnschuetzen-reinhartshausen.de\/wordpress\/wp-json\/wp\/v2\/types\/post"}],"author":[{"embeddable":true,"href":"https:\/\/www.auerhahnschuetzen-reinhartshausen.de\/wordpress\/wp-json\/wp\/v2\/users\/1"}],"replies":[{"embeddable":true,"href":"https:\/\/www.auerhahnschuetzen-reinhartshausen.de\/wordpress\/wp-json\/wp\/v2\/comments?post=1288"}],"version-history":[{"count":4,"href":"https:\/\/www.auerhahnschuetzen-reinhartshausen.de\/wordpress\/wp-json\/wp\/v2\/posts\/1288\/revisions"}],"predecessor-version":[{"id":1654,"href":"https:\/\/www.auerhahnschuetzen-reinhartshausen.de\/wordpress\/wp-json\/wp\/v2\/posts\/1288\/revisions\/1654"}],"wp:attachment":[{"href":"https:\/\/www.auerhahnschuetzen-reinhartshausen.de\/wordpress\/wp-json\/wp\/v2\/media?parent=1288"}],"wp:term":[{"taxonomy":"category","embeddable":true,"href":"https:\/\/www.auerhahnschuetzen-reinhartshausen.de\/wordpress\/wp-json\/wp\/v2\/categories?post=1288"},{"taxonomy":"post_tag","embeddable":true,"href":"https:\/\/www.auerhahnschuetzen-reinhartshausen.de\/wordpress\/wp-json\/wp\/v2\/tags?post=1288"}],"curies":[{"name":"wp","href":"https:\/\/api.w.org\/{rel}","templated":true}]}}